{"id":2810,"date":"2012-01-30T15:01:56","date_gmt":"2012-01-30T14:01:56","guid":{"rendered":"http:\/\/mspr0.de\/?p=2810"},"modified":"2012-01-30T15:05:47","modified_gmt":"2012-01-30T14:05:47","slug":"acta-in-plain-deutsch","status":"publish","type":"post","link":"https:\/\/mspr0.de\/acta-in-plain-deutsch\/","title":{"rendered":"ACTA in plain Deutsch"},"content":{"rendered":"<p>\/*****<br \/>\n<em>Dies ist ein Crosspost eines <a href=\"https:\/\/www.facebook.com\/mspr0\/posts\/371701169510202\">f\u00fcr Facebook geschriebenen Artikels<\/a>. Hier auf meinem Blog habe ich das Gef\u00fchl, dass ich nur zum Chor predige, denn Blogs werden in Deutschland nur von genau der Minderheit gelesen, die eh ungef\u00e4hr wei\u00df, was ACTA ist. Es kann ja aber dennoch nicht schaden, den Text auch noch mal hier zu ver\u00f6ffentlichen. Dennoch w\u00e4re es sch\u00f6n, wenn ihr ihn &#8211; in welcher Form auch immer &#8211; vor allem auf Facebook verbreitet. Einfach, weil er dort die gr\u00f6\u00dften Chancen hat, die Richtigen zu erreichen.<\/em><br \/>\n*****\/<\/p>\n<p><strong>Liebe nicht so netzpolitisch interessierten Freunde,<\/strong> (fr\u00fcher h\u00e4tte ich &#8222;Offlinefreunde&#8220; gesagt, aber das stimmt ja nicht mehr. Ihr seid ja alle auf Facebook &#8211; und das finde ich gut!), ich brauche eure Hilfe. Ja, wirklich jetzt. Und es ist dringend.<\/p>\n<p>Bitte nehmt Euch einen ganz kurzen Moment und schaut euch dieses Video hier an:<\/p>\n<p><iframe loading=\"lazy\" width=\"450\" height=\"259\" src=\"http:\/\/www.youtube.com\/embed\/YPiV_SB-scM\" frameborder=\"0\" allowfullscreen><\/iframe><\/p>\n<p>Die sind ganz sch\u00f6n sauer, wa? Das ist in Polen und die Polen demonstrieren gegen etwas, das &#8222;ACTA&#8220; hei\u00dft. Gut, denkt ihr jetzt: Diese ehemaligen Ostblockl\u00e4nder haben immer mal wieder schlimme Regierungen, die schlimme Gesetze verabschieden. Kann man ja verstehen, dass die demonstrieren.<\/p>\n<p>Aber ACTA ist kein Gesetz und vor allem kein polnisches. Und deswegen gehen nicht nur die Polen, sondern auch die Leute in Frankreich, Belgien und vielen anderen europ\u00e4ischen L\u00e4ndern auf die Stra\u00dfe. ACTA ist n\u00e4mlich ein so genanntes &#8222;Handelsabkommen&#8220; mit vielen internationalen Partnern. Und einer der Partner ist die EU &#8211; also auch die Polen. Und: richtig, auch wir. Letzten Donnerstag unterzeichnete einer der EU-Verantwortlichen den Vertrag. Und zwar in Japan.<\/p>\n<p>Gut, denkt ihr. Ein Handelsabkommen. Das ist doch sch\u00f6n. Brummt die Wirtschaft wieder, es geht bergauf. Was regen sich die Leute also so auf, dass sie zu Zehntausenden bei minus 15 Grad auf die Stra\u00dfe gehen?<\/p>\n<p>Nun, dieses Handelsabkommen hat es in sich. Es verpflichtet die Unterzeichnenden Staaten dazu einige ihrer privaten Unternehmen zu einer Art Polizei umzufunktionieren. Sie sollen Wache schieben, Streife fahren und kontrollieren und auch bestrafen. Wen? Schlimme Verbrecher bestimmt. Nein, Euch! Ja, richtig gelesen, es geht um Euch!<\/p>\n<p>Eines der Ziele von ACTA ist es zum Beispiel euren Internet Service Provider (das ist das Unternehmen, wo ihr wegen Internet immer Geld hin \u00fcberweist) dazu zu verpflichten, alles was ihr im Internet so tut genauestens zu \u00fcberwachen. Und euch auch gleich zu bestrafen, falls ihr nicht spurt. Zum Beispiel urheberrechtsgesch\u00fctzes Material widerrechtlich besorgt. Dann ist das Internet weg. Zack! <\/p>\n<p>All das gilt nat\u00fcrlich f\u00fcr viele Dienstleister, vor allem im Internet. Auch der Google soll euch \u00fcberwachen, der Youtube und auch der Facebook. Und sie alle sollen euch auf die Finger klopfen, wenn ihr &#8222;b\u00f6se&#8220; seid. Ihr glaubt, das geht doch gar nicht? Das k\u00f6nnen die GoogleFacebookYoutube doch gar nicht leisten, so viel zu \u00fcberwachen? Wahrscheinlich habt ihr recht. Und dann gibt es eben kein GoogleFacebookYoutube mehr. Jedenfalls nicht so, wie wir es kannten, weil diese Dienste sonst mit Klagen \u00fcberrollt werden. Sie sind dann n\u00e4mlich nun f\u00fcr euch &#8222;verantwortlich&#8220;.<\/p>\n<p>Ja, ACTA will nicht weniger, als das Internet &#8211; in dem sich jeder frei ausdr\u00fccken kann &#8211; zu zerst\u00f6ren. Sie wollen das Internet zwingen, zu einer Art Fernsehen zu werden, wo nur ihr Programm l\u00e4uft und Ihr gef\u00e4lligst wieder die Schnauze zu halten habt.<\/p>\n<p>Jetzt fragt ihr nat\u00fcrlich, wer diese &#8222;die&#8220; sind, die das machen wollen.<\/p>\n<p>&#8222;Sie&#8220; sind die internationale Inhalterechteverwertungsindustrie. All die Labels, Verlage, Filmstudios etc., die wegen dem Internet ihre Gesch\u00e4ftsmodelle bedroht sehen. Sie finden das nicht gut, was hier passiert. Es st\u00f6rt ihre Bilanzen. Sie glauben leider, dass sie ihr Geld, statt f\u00fcr den Aufbau wirklich attraktiver Downloadportale, lieber in Anw\u00e4lte und Lobbyisten investieren sollten, um die Staaten und Internetdienste dazu zu bringen, ihr Gesch\u00e4ftsmodell zu besch\u00fctzen. Dass sie die Meinungsfreiheit im &#8211; wie wir seit letztem Jahr wissen &#8211; wichtigsten politischen Medium damit zerst\u00f6ren, ist ihnen egal.<\/p>\n<p>Und bei diesem Wahnsinn machen die Politiker mit?<\/p>\n<p>Es sieht leider so aus. Leider geh\u00f6ren auch die Politiker gr\u00f6\u00dftenteils eher zu den &#8222;netzpolitisch weniger interessierten&#8220; Menschen. Sie wissen wenig \u00fcber das Internet und haben ein offenes Ohr f\u00fcr Leute, die dar\u00fcber klagen, dass etwas neues, komisches (dieses Internet) ihr jahrzehnte doch so super funktionierendes Gesch\u00e4ftsmodell kaputt macht. (Denkt denn keiner an die Arbeitspl\u00e4tze?!?)<\/p>\n<p>Aber, wenn das alles so wichtig und schlimm ist &#8211; fragt ihr euch jetzt sicher &#8211; warum hab ich dann noch nie etwas dar\u00fcber erfahren?<\/p>\n<p>Zum einen ist das nat\u00fcrlich gewollt. Die Vertr\u00e4ge zu ACTA wurden \u00fcber Jahre unter absoluter Geheimhaltung entwickelt. Es hat lange gedauert, bis \u00fcberhaupt zugegeben wurde, dass es so ein Abkommen gibt. Die Versionen des Vertragswerkes, die wir kennen, wurden von Netzaktivisten &#8222;geleakt&#8220; (ja, so wie bei Wikileaks).<\/p>\n<p>Zum anderen erf\u00e4hrt man dar\u00fcber nichts in den klassischen Medien, weil die klassischen Medien selber Nutznie\u00dfer dieses Abkommens sind. Ob ihr es glaubt oder nicht, es stinkt den Verlagen auch hierzulande, dass ihr lieber den Facebook lest, statt die Gala und lieber drollige Katzenvideos auf dem Youtube klickt, statt Bauer sucht Frau zu gucken. Da verdienen die n\u00e4mlich nichts dran. Warum sollten sie Euch also was \u00fcber ACTA erz\u00e4hlen? Ist schlie\u00dflich auch schei\u00dfe kompliziert und passt irgendwie nicht in die Abendnachrichten.<\/p>\n<p>Und nu? Is jetzt alles vorbei? Haben &#8222;die&#8220; gewonnen?<\/p>\n<p>Nee, noch nicht ganz. Das europ\u00e4ische Parlament muss erst noch \u00fcber ACTA abstimmen. die ACTA-Macher glaubten, dass das nur reine Formsache w\u00e4r. &#8222;Einmal abnicken, bitte!&#8220; Aber in Polen und in anderen teilen der EU regt sich der Widerstand. Es wird langsam aber sicher eine \u00d6ffentlichkeit f\u00fcr das Abkommen geschaffen und in ganz Europa merken die Menschen, dass es hier um sie geht und um die Zukunft der Demokratie und Meinungsfreiheit. Nur in Deutschland noch nicht. Aber das kann sich ja \u00e4ndern!<\/p>\n<p>Okay! Was kann ich tun?<\/p>\n<p>Zun\u00e4chst einmal ist das wichtigste hierzulande \u00fcberhaupt mal \u00d6ffentlichkeit zu schaffen. Ich kann das nicht. Blogs k\u00f6nnen das nicht. Die werden in Deutschland leider nicht gelesen. Deswegen brauche ich ja auch Eure Hilfe. Also tut mir bitte den Gefallen und teilt diesen Post an m\u00f6glichst alle Eure Freunde. Je weniger Internetnerd, desto besser. <\/p>\n<p>Und informiert Euch weitergehend. Zum Beispiel hier gibt es <a href=\"https:\/\/netzpolitik.org\/2012\/ein-kleiner-einstieg-in-acta\/\">sehr anschauliche Videos<\/a>.  (netzpolitik.org ist sowieso eine gute Adresse f\u00fcr Nachrichten dieser Art. Bei Interesse einfach hier die <a href=\"https:\/\/www.facebook.com\/netzpolitik\">Facebookpage liken<\/a>. dann bekommt ihr deren aktuelle News in Euren Nachrichtenstrom.)<\/p>\n<p>Dann gibt es eine Demo am 11. Februar um 15:00 in ganz Deutschland. Tretet f\u00fcr aktuelle Nachrichten dem <a href=\"https:\/\/www.facebook.com\/events\/182716005161256\/\">Facebookevent<\/a> bei. Es ist wichtig, dass dort so viele Menschen hinkommen wie m\u00f6glich, damit die Politiker und Lobbyisten merken, dass die Bev\u00f6lkerung nicht schl\u00e4ft. Nicht mal in Deutschland.<\/p>\n<p>Unterschreibt bitte auch bei dieser <a href=\"http:\/\/www.avaaz.org\/de\/eu_save_the_internet_spread\/?fp\">internationalen Petition<\/a>: <\/p>\n<p>Und dann ist es nat\u00fcrlich immer gut, wenn man versucht, den eigenen Euroabgeordnenten zu dem Thema zu kontaktieren und auf die Gefahren aufmerksam zu machen.<\/p>\n<p>Liebe &#8211; hoffentlich &#8211; netzpolitisch nicht mehr ganz so uninteressierten Freunde, ihr merkt, das Netz geht uns alle an. Es ist ein wichtiger Baustein f\u00fcr eine demokratische Zukunft. Wir m\u00fcssen auf es aufpassen, denn es gibt viele undemokratische Menschen, die es aus eigenn\u00fctzigen Interessen zerst\u00f6ren wollen und viele Politiker, die das nicht verstehen. Um es zu besch\u00fctzen, braucht es auch eure Wachsamkeit, denn glaubt mir, das ist alles erst der Anfang.<\/p>\n","protected":false},"excerpt":{"rendered":"<p>\/***** Dies ist ein Crosspost eines f\u00fcr Facebook geschriebenen Artikels. Hier auf meinem Blog habe ich das Gef\u00fchl, dass ich nur zum Chor predige, denn Blogs werden in Deutschland nur von genau der Minderheit gelesen, die eh ungef\u00e4hr wei\u00df, was &hellip; <a href=\"https:\/\/mspr0.de\/acta-in-plain-deutsch\/\">Weiterlesen <span class=\"meta-nav\">&rarr;<\/span><\/a><\/p>\n","protected":false},"author":2,"featured_media":0,"comment_status":"open","ping_status":"open","sticky":false,"template":"","format":"standard","meta":{"footnotes":""},"categories":[1],"tags":[],"class_list":["post-2810","post","type-post","status-publish","format-standard","hentry","category-uncategorized"],"jetpack_featured_media_url":"","_links":{"self":[{"href":"https:\/\/mspr0.de\/wp-json\/wp\/v2\/posts\/2810","targetHints":{"allow":["GET"]}}],"collection":[{"href":"https:\/\/mspr0.de\/wp-json\/wp\/v2\/posts"}],"about":[{"href":"https:\/\/mspr0.de\/wp-json\/wp\/v2\/types\/post"}],"author":[{"embeddable":true,"href":"https:\/\/mspr0.de\/wp-json\/wp\/v2\/users\/2"}],"replies":[{"embeddable":true,"href":"https:\/\/mspr0.de\/wp-json\/wp\/v2\/comments?post=2810"}],"version-history":[{"count":5,"href":"https:\/\/mspr0.de\/wp-json\/wp\/v2\/posts\/2810\/revisions"}],"predecessor-version":[{"id":2815,"href":"https:\/\/mspr0.de\/wp-json\/wp\/v2\/posts\/2810\/revisions\/2815"}],"wp:attachment":[{"href":"https:\/\/mspr0.de\/wp-json\/wp\/v2\/media?parent=2810"}],"wp:term":[{"taxonomy":"category","embeddable":true,"href":"https:\/\/mspr0.de\/wp-json\/wp\/v2\/categories?post=2810"},{"taxonomy":"post_tag","embeddable":true,"href":"https:\/\/mspr0.de\/wp-json\/wp\/v2\/tags?post=2810"}],"curies":[{"name":"wp","href":"https:\/\/api.w.org\/{rel}","templated":true}]}}